{"id":60930,"date":"2025-12-12T09:28:24","date_gmt":"2025-12-12T08:28:24","guid":{"rendered":"https:\/\/dawell.cz\/interview-with-lubos-nedvedicky-ceo-of-the-company\/"},"modified":"2026-03-02T07:59:06","modified_gmt":"2026-03-02T06:59:06","slug":"interview-with-lubos-nedvedicky-ceo-of-the-company","status":"publish","type":"post","link":"https:\/\/dawell.cz\/en\/interview-with-lubos-nedvedicky-ceo-of-the-company\/","title":{"rendered":"Interview with Lubo\u0161 Nedv\u011bdick\u00fd, CEO of the company"},"content":{"rendered":"\t\t<div data-elementor-type=\"wp-post\" data-elementor-id=\"60930\" class=\"elementor elementor-60930 elementor-60922\" data-elementor-post-type=\"post\">\n\t\t\t\t<div class=\"elementor-element elementor-element-0d00b95 thegem-e-con-layout-elementor e-flex e-con-boxed e-con e-parent\" data-id=\"0d00b95\" data-element_type=\"container\" data-e-type=\"container\" data-settings=\"{&quot;thegem_container_layout&quot;:&quot;elementor&quot;}\">\r\n\t\t\t\t\t<div class=\"e-con-inner\">\r\n\t\t\t\t<div class=\"elementor-element elementor-element-4e2272f flex-horizontal-align-default flex-horizontal-align-tablet-default flex-horizontal-align-mobile-default flex-vertical-align-default flex-vertical-align-tablet-default flex-vertical-align-mobile-default elementor-widget elementor-widget-heading\" data-id=\"4e2272f\" data-element_type=\"widget\" data-e-type=\"widget\" data-widget_type=\"heading.default\">\n\t\t\t\t<div class=\"elementor-widget-container\">\n\t\t\t\t\t<h3 class=\"elementor-heading-title elementor-size-default\">Interview with Lubo\u0161 Nedv\u011bdick\u00fd, CEO of the company<\/h3>\t\t\t\t<\/div>\n\t\t\t\t<\/div>\n\t\t\t\t<div class=\"elementor-element elementor-element-5b3b158 flex-horizontal-align-default flex-horizontal-align-tablet-default flex-horizontal-align-mobile-default flex-vertical-align-default flex-vertical-align-tablet-default flex-vertical-align-mobile-default elementor-widget elementor-widget-text-editor\" data-id=\"5b3b158\" data-element_type=\"widget\" data-e-type=\"widget\" data-widget_type=\"text-editor.default\">\n\t\t\t\t<div class=\"elementor-widget-container\">\n\t\t\t\t\t\t\t\t\t\t\t\t<div class=\"elementor-text-editor elementor-clearfix\">\r\n\t\t\t\t\t\t<div><strong>5 years with DAWELL CZ!<\/strong> <img class=\"emoji\" role=\"img\" draggable=\"false\" src=\"https:\/\/s.w.org\/images\/core\/emoji\/17.0.2\/svg\/1f389.svg\" alt=\"\ud83c\udf89\"><\/div><div>What is it like to lead a team that is changing the world of induction heating? <strong>Lubo\u0161 Nedv\u011bdick\u00fd<\/strong>, our CEO and one of the co-owners of the company, reveals his experiences, inspiration, and vision for the future in an interview. What parallels does he see with his previous job? And what does he enjoy most about working at DAWELL CZ? Watch the entire interview <a href=\"https:\/\/youtu.be\/_0WMFXiMrRg\"><strong>on our YouTube channel<\/strong><\/a>!  <\/div><div> <\/div><div>The video was filmed at the <strong>DAWELL \/ STRONGHAND EU<\/strong> training center in cooperation with <strong><a href=\"https:\/\/www.k2.cz\/kontakt\">K2 atmitec s.r.o.<\/a><\/strong>, the supplier of the K2 information system.<\/div>\t\t\t\t\t\t\t<\/div>\r\n\t\t\t\t\t\t\t\t\t\t<\/div>\n\t\t\t\t<\/div>\n\t\t\t\t<div class=\"elementor-element elementor-element-2dec19b flex-horizontal-align-default flex-horizontal-align-tablet-default flex-horizontal-align-mobile-default flex-vertical-align-default flex-vertical-align-tablet-default flex-vertical-align-mobile-default elementor-widget elementor-widget-video\" data-id=\"2dec19b\" data-element_type=\"widget\" data-e-type=\"widget\" data-settings=\"{&quot;youtube_url&quot;:&quot;https:\\\/\\\/youtu.be\\\/_0WMFXiMrRg&quot;,&quot;video_type&quot;:&quot;youtube&quot;,&quot;controls&quot;:&quot;yes&quot;}\" data-widget_type=\"video.default\">\n\t\t\t\t<div class=\"elementor-widget-container\">\n\t\t\t\t\t<div class=\"gem-gdpr-no-consent-wrap\" style=\"background-image:url(https:\/\/dawell.cz\/wp-content\/plugins\/thegem-elements-elementor\/inc\/gdpr\/assets\/img\/bg-youtube.jpg)\"><div class=\"gem-gdpr-no-consent-inner\"><div class=\"gem-gdpr-no-consent-notice-text\"><i class=\"gem-consent-icon-youtube\"><\/i>This content is blocked. Please review your <a href=\"#\" class=\"btn-gdpr-preferences\">Nastaven\u00ed soukrom\u00ed<\/a>.<\/div><\/div><\/div>\t\t\t\t<\/div>\n\t\t\t\t<\/div>\n\t\t\t\t<div class=\"elementor-element elementor-element-b772c09 flex-horizontal-align-default flex-horizontal-align-tablet-default flex-horizontal-align-mobile-default flex-vertical-align-default flex-vertical-align-tablet-default flex-vertical-align-mobile-default elementor-widget elementor-widget-thegem-gallery-grid\" data-id=\"b772c09\" data-element_type=\"widget\" data-e-type=\"widget\" data-settings=\"{&quot;columns_desktop&quot;:&quot;4x&quot;,&quot;equal_height&quot;:&quot;yes&quot;,&quot;container_margin&quot;:{&quot;unit&quot;:&quot;px&quot;,&quot;size&quot;:20,&quot;sizes&quot;:[]},&quot;thegem_elementor_preset&quot;:&quot;default&quot;,&quot;columns_tablet&quot;:&quot;2x&quot;,&quot;columns_mobile&quot;:&quot;1x&quot;,&quot;ajax_preloader_type&quot;:&quot;default&quot;,&quot;container_margin_tablet&quot;:{&quot;unit&quot;:&quot;px&quot;,&quot;size&quot;:&quot;&quot;,&quot;sizes&quot;:[]},&quot;container_margin_mobile&quot;:{&quot;unit&quot;:&quot;px&quot;,&quot;size&quot;:&quot;&quot;,&quot;sizes&quot;:[]}}\" data-widget_type=\"thegem-gallery-grid.default\">\n\t\t\t\t<div class=\"elementor-widget-container\">\n\t\t\t\t\t<div class=\"gallery-preloader-wrapper\"> <div class=\"row\"> <div class=\"gem-gallery-grid gallery-style-justified hover-zooming-blur gaps-margin columns-4 columns-tablet-2 columns-mobile-1 disable-isotope equal-height full-image \" data-uid=\"b772c09\" data-hover=\"zooming-blur\" data-filter=\"[]\"> <div class=\"portfolio not-fullwidth-block \"> <ul class=\"gallery-set clearfix\" data-max-row-height=\"\"> <li class=\"gallery-item gallery-0 col-xs-12 col-sm-6 col-md-3 single-icon post-60930 post type-post status-publish format-standard has-post-thumbnail category-articles\" style=\"padding: calc(20px\/2); \"> <div class=\"wrap gem-wrapbox gem-wrapbox-style-default\"> <div class=\"overlay-wrap\"> <div class=\"image-wrap \"> <picture> <img src=\"https:\/\/dawell.cz\/wp-content\/uploads\/2025\/12\/lned_1.webp\" width=\"682\" height=\"1000\" class=\"attachment-full\" alt=\"Lubo\u0161 Nedv\u011bdick\u00fd, CEO\" \/> <\/picture> <\/div> <div class=\"overlay \"> <div class=\"overlay-circle\"><\/div> <a href=\"https:\/\/dawell.cz\/wp-content\/uploads\/2025\/12\/lned_1.webp\" class=\"gallery-item-link fancy-gallery\" data-fancybox=\"gallery-69f489077c23a\" data-elementor-open-lightbox=\"no\" aria-label=\"Fullsize Image: Lubo\u0161 Nedv\u011bdick\u00fd, CEO\"> <span class=\"slide-info\"> <span class=\"slide-info-title\"> Lubo\u0161 Nedv\u011bdick\u00fd, CEO <\/span> <span class=\"slide-info-summary\"> Lubo\u0161 Nedv\u011bdick\u00fd, CEO <\/span> <\/span> <\/a> <div class=\"overlay-content\"> <div class=\"overlay-content-center\"> <div class=\"overlay-content-inner\"> <\/div> <\/div> <\/div> <\/div> <\/div> <\/div> <\/li> <li class=\"gallery-item gallery-0 col-xs-12 col-sm-6 col-md-3 single-icon post-60930 post type-post status-publish format-standard has-post-thumbnail category-articles\" style=\"padding: calc(20px\/2); \"> <div class=\"wrap gem-wrapbox gem-wrapbox-style-default\"> <div class=\"overlay-wrap\"> <div class=\"image-wrap \"> <picture> <img src=\"https:\/\/dawell.cz\/wp-content\/uploads\/2025\/12\/lned_2.webp\" width=\"646\" height=\"1000\" class=\"attachment-full\" alt=\"Lubo\u0161 Nedv\u011bdick\u00fd, CEO\" \/> <\/picture> <\/div> <div class=\"overlay \"> <div class=\"overlay-circle\"><\/div> <a href=\"https:\/\/dawell.cz\/wp-content\/uploads\/2025\/12\/lned_2.webp\" class=\"gallery-item-link fancy-gallery\" data-fancybox=\"gallery-69f489077c23a\" data-elementor-open-lightbox=\"no\" aria-label=\"Fullsize Image: Lubo\u0161 Nedv\u011bdick\u00fd, CEO\"> <span class=\"slide-info\"> <span class=\"slide-info-title\"> Lubo\u0161 Nedv\u011bdick\u00fd, CEO <\/span> <span class=\"slide-info-summary\"> Lubo\u0161 Nedv\u011bdick\u00fd, CEO <\/span> <\/span> <\/a> <div class=\"overlay-content\"> <div class=\"overlay-content-center\"> <div class=\"overlay-content-inner\"> <\/div> <\/div> <\/div> <\/div> <\/div> <\/div> <\/li> <li class=\"gallery-item gallery-0 col-xs-12 col-sm-6 col-md-3 single-icon post-60930 post type-post status-publish format-standard has-post-thumbnail category-articles\" style=\"padding: calc(20px\/2); \"> <div class=\"wrap gem-wrapbox gem-wrapbox-style-default\"> <div class=\"overlay-wrap\"> <div class=\"image-wrap \"> <picture> <img src=\"https:\/\/dawell.cz\/wp-content\/uploads\/2025\/12\/lned_3.webp\" width=\"743\" height=\"1000\" class=\"attachment-full\" alt=\"Lubo\u0161 Nedv\u011bdick\u00fd, CEO\" \/> <\/picture> <\/div> <div class=\"overlay \"> <div class=\"overlay-circle\"><\/div> <a href=\"https:\/\/dawell.cz\/wp-content\/uploads\/2025\/12\/lned_3.webp\" class=\"gallery-item-link fancy-gallery\" data-fancybox=\"gallery-69f489077c23a\" data-elementor-open-lightbox=\"no\" aria-label=\"Fullsize Image: Lubo\u0161 Nedv\u011bdick\u00fd, CEO\"> <span class=\"slide-info\"> <span class=\"slide-info-title\"> Lubo\u0161 Nedv\u011bdick\u00fd, CEO <\/span> <span class=\"slide-info-summary\"> Lubo\u0161 Nedv\u011bdick\u00fd, CEO <\/span> <\/span> <\/a> <div class=\"overlay-content\"> <div class=\"overlay-content-center\"> <div class=\"overlay-content-inner\"> <\/div> <\/div> <\/div> <\/div> <\/div> <\/div> <\/li> <li class=\"gallery-item gallery-0 col-xs-12 col-sm-6 col-md-3 single-icon post-60930 post type-post status-publish format-standard has-post-thumbnail category-articles\" style=\"padding: calc(20px\/2); \"> <div class=\"wrap gem-wrapbox gem-wrapbox-style-default\"> <div class=\"overlay-wrap\"> <div class=\"image-wrap \"> <picture> <img src=\"https:\/\/dawell.cz\/wp-content\/uploads\/2025\/12\/lned_4.webp\" width=\"667\" height=\"1000\" class=\"attachment-full\" alt=\"Lubo\u0161 Nedv\u011bdick\u00fd, CEO\" \/> <\/picture> <\/div> <div class=\"overlay \"> <div class=\"overlay-circle\"><\/div> <a href=\"https:\/\/dawell.cz\/wp-content\/uploads\/2025\/12\/lned_4.webp\" class=\"gallery-item-link fancy-gallery\" data-fancybox=\"gallery-69f489077c23a\" data-elementor-open-lightbox=\"no\" aria-label=\"Fullsize Image: Lubo\u0161 Nedv\u011bdick\u00fd, CEO\"> <span class=\"slide-info\"> <span class=\"slide-info-title\"> Lubo\u0161 Nedv\u011bdick\u00fd, CEO <\/span> <span class=\"slide-info-summary\"> Lubo\u0161 Nedv\u011bdick\u00fd, CEO <\/span> <\/span> <\/a> <div class=\"overlay-content\"> <div class=\"overlay-content-center\"> <div class=\"overlay-content-inner\"> <\/div> <\/div> <\/div> <\/div> <\/div> <\/div> <\/li> <\/ul> <\/div> <\/div> <\/div> <\/div>\t\t\t\t<\/div>\n\t\t\t\t<\/div>\n\t\t\t\t\t<\/div>\n\t\t\t\t<\/div>\n\t\t\t\t<\/div>\n\t\t","protected":false},"excerpt":{"rendered":"<p>On the occasion of his fifth anniversary with the company, Lubo\u0161 Nedv\u011bdick\u00fd recorded an interview about his work at DAWELL CZ to date.<\/p>\n","protected":false},"author":1,"featured_media":62237,"comment_status":"closed","ping_status":"open","sticky":false,"template":"elementor_header_footer","format":"standard","meta":{"inline_featured_image":false,"footnotes":"","_wp_rev_ctl_limit":""},"categories":[977],"tags":[],"class_list":{"0":"post-60930","1":"post","2":"type-post","3":"status-publish","4":"format-standard","5":"has-post-thumbnail","7":"category-articles"},"yoast_head":"<!-- This site is optimized with the Yoast SEO plugin v27.5 - https:\/\/yoast.com\/product\/yoast-seo-wordpress\/ -->\n<title>Interview with Lubo\u0161 Nedv\u011bdick\u00fd, CEO of the company - DAWELL CZ<\/title>\n<meta name=\"description\" content=\"On the occasion of his fifth anniversary with the company, Lubo\u0161 Nedv\u011bdick\u00fd recorded an interview about his work at DAWELL CZ to date.\" \/>\n<meta name=\"robots\" content=\"index, follow, max-snippet:-1, max-image-preview:large, max-video-preview:-1\" \/>\n<link rel=\"canonical\" href=\"https:\/\/dawell.cz\/en\/interview-with-lubos-nedvedicky-ceo-of-the-company\/\" \/>\n<meta property=\"og:locale\" content=\"en_US\" \/>\n<meta property=\"og:type\" content=\"article\" \/>\n<meta property=\"og:title\" content=\"Interview with Lubo\u0161 Nedv\u011bdick\u00fd, CEO of the company - DAWELL CZ\" \/>\n<meta property=\"og:description\" content=\"On the occasion of his fifth anniversary with the company, Lubo\u0161 Nedv\u011bdick\u00fd recorded an interview about his work at DAWELL CZ to date.\" \/>\n<meta property=\"og:url\" content=\"https:\/\/dawell.cz\/en\/interview-with-lubos-nedvedicky-ceo-of-the-company\/\" \/>\n<meta property=\"og:site_name\" content=\"DAWELL CZ\" \/>\n<meta property=\"article:publisher\" content=\"https:\/\/www.facebook.com\/dawellcz\/\" \/>\n<meta property=\"article:published_time\" content=\"2025-12-12T08:28:24+00:00\" \/>\n<meta property=\"article:modified_time\" content=\"2026-03-02T06:59:06+00:00\" \/>\n<meta property=\"og:image\" content=\"https:\/\/dawell.cz\/wp-content\/uploads\/2025\/12\/img-rozhovor-LNed.webp\" \/>\n\t<meta property=\"og:image:width\" content=\"800\" \/>\n\t<meta property=\"og:image:height\" content=\"800\" \/>\n\t<meta property=\"og:image:type\" content=\"image\/webp\" \/>\n<meta name=\"author\" content=\"Ji\u0159\u00ed\" \/>\n<meta name=\"twitter:card\" content=\"summary_large_image\" \/>\n<meta name=\"twitter:label1\" content=\"Written by\" \/>\n\t<meta name=\"twitter:data1\" content=\"Ji\u0159\u00ed\" \/>\n\t<meta name=\"twitter:label2\" content=\"Est. reading time\" \/>\n\t<meta name=\"twitter:data2\" content=\"1 minute\" \/>\n<script type=\"application\/ld+json\" class=\"yoast-schema-graph\">{\"@context\":\"https:\\\/\\\/schema.org\",\"@graph\":[{\"@type\":\"Article\",\"@id\":\"https:\\\/\\\/dawell.cz\\\/en\\\/interview-with-lubos-nedvedicky-ceo-of-the-company\\\/#article\",\"isPartOf\":{\"@id\":\"https:\\\/\\\/dawell.cz\\\/en\\\/interview-with-lubos-nedvedicky-ceo-of-the-company\\\/\"},\"author\":{\"name\":\"Ji\u0159\u00ed\",\"@id\":\"https:\\\/\\\/dawell.cz\\\/en\\\/#\\\/schema\\\/person\\\/ff1d2da340bb6fbe9a330136ad0b365f\"},\"headline\":\"Interview with Lubo\u0161 Nedv\u011bdick\u00fd, CEO of the company\",\"datePublished\":\"2025-12-12T08:28:24+00:00\",\"dateModified\":\"2026-03-02T06:59:06+00:00\",\"mainEntityOfPage\":{\"@id\":\"https:\\\/\\\/dawell.cz\\\/en\\\/interview-with-lubos-nedvedicky-ceo-of-the-company\\\/\"},\"wordCount\":153,\"publisher\":{\"@id\":\"https:\\\/\\\/dawell.cz\\\/en\\\/#organization\"},\"image\":{\"@id\":\"https:\\\/\\\/dawell.cz\\\/en\\\/interview-with-lubos-nedvedicky-ceo-of-the-company\\\/#primaryimage\"},\"thumbnailUrl\":\"https:\\\/\\\/dawell.cz\\\/wp-content\\\/uploads\\\/2025\\\/12\\\/img-rozhovor-LNed.webp\",\"articleSection\":[\"Articles\"],\"inLanguage\":\"en-US\"},{\"@type\":\"WebPage\",\"@id\":\"https:\\\/\\\/dawell.cz\\\/en\\\/interview-with-lubos-nedvedicky-ceo-of-the-company\\\/\",\"url\":\"https:\\\/\\\/dawell.cz\\\/en\\\/interview-with-lubos-nedvedicky-ceo-of-the-company\\\/\",\"name\":\"Interview with Lubo\u0161 Nedv\u011bdick\u00fd, CEO of the company - DAWELL CZ\",\"isPartOf\":{\"@id\":\"https:\\\/\\\/dawell.cz\\\/en\\\/#website\"},\"primaryImageOfPage\":{\"@id\":\"https:\\\/\\\/dawell.cz\\\/en\\\/interview-with-lubos-nedvedicky-ceo-of-the-company\\\/#primaryimage\"},\"image\":{\"@id\":\"https:\\\/\\\/dawell.cz\\\/en\\\/interview-with-lubos-nedvedicky-ceo-of-the-company\\\/#primaryimage\"},\"thumbnailUrl\":\"https:\\\/\\\/dawell.cz\\\/wp-content\\\/uploads\\\/2025\\\/12\\\/img-rozhovor-LNed.webp\",\"datePublished\":\"2025-12-12T08:28:24+00:00\",\"dateModified\":\"2026-03-02T06:59:06+00:00\",\"description\":\"On the occasion of his fifth anniversary with the company, Lubo\u0161 Nedv\u011bdick\u00fd recorded an interview about his work at DAWELL CZ to date.\",\"breadcrumb\":{\"@id\":\"https:\\\/\\\/dawell.cz\\\/en\\\/interview-with-lubos-nedvedicky-ceo-of-the-company\\\/#breadcrumb\"},\"inLanguage\":\"en-US\",\"potentialAction\":[{\"@type\":\"ReadAction\",\"target\":[\"https:\\\/\\\/dawell.cz\\\/en\\\/interview-with-lubos-nedvedicky-ceo-of-the-company\\\/\"]}]},{\"@type\":\"ImageObject\",\"inLanguage\":\"en-US\",\"@id\":\"https:\\\/\\\/dawell.cz\\\/en\\\/interview-with-lubos-nedvedicky-ceo-of-the-company\\\/#primaryimage\",\"url\":\"https:\\\/\\\/dawell.cz\\\/wp-content\\\/uploads\\\/2025\\\/12\\\/img-rozhovor-LNed.webp\",\"contentUrl\":\"https:\\\/\\\/dawell.cz\\\/wp-content\\\/uploads\\\/2025\\\/12\\\/img-rozhovor-LNed.webp\",\"width\":800,\"height\":800,\"caption\":\"Lubo\u0161 Nedv\u011bdick\u00fd, CEO\"},{\"@type\":\"BreadcrumbList\",\"@id\":\"https:\\\/\\\/dawell.cz\\\/en\\\/interview-with-lubos-nedvedicky-ceo-of-the-company\\\/#breadcrumb\",\"itemListElement\":[{\"@type\":\"ListItem\",\"position\":1,\"name\":\"Dom\u016f\",\"item\":\"https:\\\/\\\/dawell.cz\\\/en\\\/home\\\/\"},{\"@type\":\"ListItem\",\"position\":2,\"name\":\"Interview with Lubo\u0161 Nedv\u011bdick\u00fd, CEO of the company\"}]},{\"@type\":\"WebSite\",\"@id\":\"https:\\\/\\\/dawell.cz\\\/en\\\/#website\",\"url\":\"https:\\\/\\\/dawell.cz\\\/en\\\/\",\"name\":\"DAWELL CZ\",\"description\":\"\",\"publisher\":{\"@id\":\"https:\\\/\\\/dawell.cz\\\/en\\\/#organization\"},\"alternateName\":\"Dawell\",\"potentialAction\":[{\"@type\":\"SearchAction\",\"target\":{\"@type\":\"EntryPoint\",\"urlTemplate\":\"https:\\\/\\\/dawell.cz\\\/en\\\/?s={search_term_string}\"},\"query-input\":{\"@type\":\"PropertyValueSpecification\",\"valueRequired\":true,\"valueName\":\"search_term_string\"}}],\"inLanguage\":\"en-US\"},{\"@type\":\"Organization\",\"@id\":\"https:\\\/\\\/dawell.cz\\\/en\\\/#organization\",\"name\":\"DAWELL CZ s.r.o.\",\"url\":\"https:\\\/\\\/dawell.cz\\\/en\\\/\",\"logo\":{\"@type\":\"ImageObject\",\"inLanguage\":\"en-US\",\"@id\":\"https:\\\/\\\/dawell.cz\\\/en\\\/#\\\/schema\\\/logo\\\/image\\\/\",\"url\":\"\",\"contentUrl\":\"\",\"caption\":\"DAWELL CZ s.r.o.\"},\"image\":{\"@id\":\"https:\\\/\\\/dawell.cz\\\/en\\\/#\\\/schema\\\/logo\\\/image\\\/\"},\"sameAs\":[\"https:\\\/\\\/www.facebook.com\\\/dawellcz\\\/\"]},{\"@type\":\"Person\",\"@id\":\"https:\\\/\\\/dawell.cz\\\/en\\\/#\\\/schema\\\/person\\\/ff1d2da340bb6fbe9a330136ad0b365f\",\"name\":\"Ji\u0159\u00ed\",\"image\":{\"@type\":\"ImageObject\",\"inLanguage\":\"en-US\",\"@id\":\"https:\\\/\\\/secure.gravatar.com\\\/avatar\\\/68249fa72fe46cdbd9861a435303f8d9e0ca434cd8fa34cea803960b5456fa9d?s=96&d=mm&r=g\",\"url\":\"https:\\\/\\\/secure.gravatar.com\\\/avatar\\\/68249fa72fe46cdbd9861a435303f8d9e0ca434cd8fa34cea803960b5456fa9d?s=96&d=mm&r=g\",\"contentUrl\":\"https:\\\/\\\/secure.gravatar.com\\\/avatar\\\/68249fa72fe46cdbd9861a435303f8d9e0ca434cd8fa34cea803960b5456fa9d?s=96&d=mm&r=g\",\"caption\":\"Ji\u0159\u00ed\"},\"sameAs\":[\"https:\\\/\\\/dawell.cz\"],\"url\":\"https:\\\/\\\/dawell.cz\\\/en\\\/author\\\/slatinsky\\\/\"}]}<\/script>\n<!-- \/ Yoast SEO plugin. -->","yoast_head_json":{"title":"Interview with Lubo\u0161 Nedv\u011bdick\u00fd, CEO of the company - DAWELL CZ","description":"On the occasion of his fifth anniversary with the company, Lubo\u0161 Nedv\u011bdick\u00fd recorded an interview about his work at DAWELL CZ to date.","robots":{"index":"index","follow":"follow","max-snippet":"max-snippet:-1","max-image-preview":"max-image-preview:large","max-video-preview":"max-video-preview:-1"},"canonical":"https:\/\/dawell.cz\/en\/interview-with-lubos-nedvedicky-ceo-of-the-company\/","og_locale":"en_US","og_type":"article","og_title":"Interview with Lubo\u0161 Nedv\u011bdick\u00fd, CEO of the company - DAWELL CZ","og_description":"On the occasion of his fifth anniversary with the company, Lubo\u0161 Nedv\u011bdick\u00fd recorded an interview about his work at DAWELL CZ to date.","og_url":"https:\/\/dawell.cz\/en\/interview-with-lubos-nedvedicky-ceo-of-the-company\/","og_site_name":"DAWELL CZ","article_publisher":"https:\/\/www.facebook.com\/dawellcz\/","article_published_time":"2025-12-12T08:28:24+00:00","article_modified_time":"2026-03-02T06:59:06+00:00","og_image":[{"width":800,"height":800,"url":"https:\/\/dawell.cz\/wp-content\/uploads\/2025\/12\/img-rozhovor-LNed.webp","type":"image\/webp"}],"author":"Ji\u0159\u00ed","twitter_card":"summary_large_image","twitter_misc":{"Written by":"Ji\u0159\u00ed","Est. reading time":"1 minute"},"schema":{"@context":"https:\/\/schema.org","@graph":[{"@type":"Article","@id":"https:\/\/dawell.cz\/en\/interview-with-lubos-nedvedicky-ceo-of-the-company\/#article","isPartOf":{"@id":"https:\/\/dawell.cz\/en\/interview-with-lubos-nedvedicky-ceo-of-the-company\/"},"author":{"name":"Ji\u0159\u00ed","@id":"https:\/\/dawell.cz\/en\/#\/schema\/person\/ff1d2da340bb6fbe9a330136ad0b365f"},"headline":"Interview with Lubo\u0161 Nedv\u011bdick\u00fd, CEO of the company","datePublished":"2025-12-12T08:28:24+00:00","dateModified":"2026-03-02T06:59:06+00:00","mainEntityOfPage":{"@id":"https:\/\/dawell.cz\/en\/interview-with-lubos-nedvedicky-ceo-of-the-company\/"},"wordCount":153,"publisher":{"@id":"https:\/\/dawell.cz\/en\/#organization"},"image":{"@id":"https:\/\/dawell.cz\/en\/interview-with-lubos-nedvedicky-ceo-of-the-company\/#primaryimage"},"thumbnailUrl":"https:\/\/dawell.cz\/wp-content\/uploads\/2025\/12\/img-rozhovor-LNed.webp","articleSection":["Articles"],"inLanguage":"en-US"},{"@type":"WebPage","@id":"https:\/\/dawell.cz\/en\/interview-with-lubos-nedvedicky-ceo-of-the-company\/","url":"https:\/\/dawell.cz\/en\/interview-with-lubos-nedvedicky-ceo-of-the-company\/","name":"Interview with Lubo\u0161 Nedv\u011bdick\u00fd, CEO of the company - DAWELL CZ","isPartOf":{"@id":"https:\/\/dawell.cz\/en\/#website"},"primaryImageOfPage":{"@id":"https:\/\/dawell.cz\/en\/interview-with-lubos-nedvedicky-ceo-of-the-company\/#primaryimage"},"image":{"@id":"https:\/\/dawell.cz\/en\/interview-with-lubos-nedvedicky-ceo-of-the-company\/#primaryimage"},"thumbnailUrl":"https:\/\/dawell.cz\/wp-content\/uploads\/2025\/12\/img-rozhovor-LNed.webp","datePublished":"2025-12-12T08:28:24+00:00","dateModified":"2026-03-02T06:59:06+00:00","description":"On the occasion of his fifth anniversary with the company, Lubo\u0161 Nedv\u011bdick\u00fd recorded an interview about his work at DAWELL CZ to date.","breadcrumb":{"@id":"https:\/\/dawell.cz\/en\/interview-with-lubos-nedvedicky-ceo-of-the-company\/#breadcrumb"},"inLanguage":"en-US","potentialAction":[{"@type":"ReadAction","target":["https:\/\/dawell.cz\/en\/interview-with-lubos-nedvedicky-ceo-of-the-company\/"]}]},{"@type":"ImageObject","inLanguage":"en-US","@id":"https:\/\/dawell.cz\/en\/interview-with-lubos-nedvedicky-ceo-of-the-company\/#primaryimage","url":"https:\/\/dawell.cz\/wp-content\/uploads\/2025\/12\/img-rozhovor-LNed.webp","contentUrl":"https:\/\/dawell.cz\/wp-content\/uploads\/2025\/12\/img-rozhovor-LNed.webp","width":800,"height":800,"caption":"Lubo\u0161 Nedv\u011bdick\u00fd, CEO"},{"@type":"BreadcrumbList","@id":"https:\/\/dawell.cz\/en\/interview-with-lubos-nedvedicky-ceo-of-the-company\/#breadcrumb","itemListElement":[{"@type":"ListItem","position":1,"name":"Dom\u016f","item":"https:\/\/dawell.cz\/en\/home\/"},{"@type":"ListItem","position":2,"name":"Interview with Lubo\u0161 Nedv\u011bdick\u00fd, CEO of the company"}]},{"@type":"WebSite","@id":"https:\/\/dawell.cz\/en\/#website","url":"https:\/\/dawell.cz\/en\/","name":"DAWELL CZ","description":"","publisher":{"@id":"https:\/\/dawell.cz\/en\/#organization"},"alternateName":"Dawell","potentialAction":[{"@type":"SearchAction","target":{"@type":"EntryPoint","urlTemplate":"https:\/\/dawell.cz\/en\/?s={search_term_string}"},"query-input":{"@type":"PropertyValueSpecification","valueRequired":true,"valueName":"search_term_string"}}],"inLanguage":"en-US"},{"@type":"Organization","@id":"https:\/\/dawell.cz\/en\/#organization","name":"DAWELL CZ s.r.o.","url":"https:\/\/dawell.cz\/en\/","logo":{"@type":"ImageObject","inLanguage":"en-US","@id":"https:\/\/dawell.cz\/en\/#\/schema\/logo\/image\/","url":"","contentUrl":"","caption":"DAWELL CZ s.r.o."},"image":{"@id":"https:\/\/dawell.cz\/en\/#\/schema\/logo\/image\/"},"sameAs":["https:\/\/www.facebook.com\/dawellcz\/"]},{"@type":"Person","@id":"https:\/\/dawell.cz\/en\/#\/schema\/person\/ff1d2da340bb6fbe9a330136ad0b365f","name":"Ji\u0159\u00ed","image":{"@type":"ImageObject","inLanguage":"en-US","@id":"https:\/\/secure.gravatar.com\/avatar\/68249fa72fe46cdbd9861a435303f8d9e0ca434cd8fa34cea803960b5456fa9d?s=96&d=mm&r=g","url":"https:\/\/secure.gravatar.com\/avatar\/68249fa72fe46cdbd9861a435303f8d9e0ca434cd8fa34cea803960b5456fa9d?s=96&d=mm&r=g","contentUrl":"https:\/\/secure.gravatar.com\/avatar\/68249fa72fe46cdbd9861a435303f8d9e0ca434cd8fa34cea803960b5456fa9d?s=96&d=mm&r=g","caption":"Ji\u0159\u00ed"},"sameAs":["https:\/\/dawell.cz"],"url":"https:\/\/dawell.cz\/en\/author\/slatinsky\/"}]}},"menu_order":0,"_links":{"self":[{"href":"https:\/\/dawell.cz\/en\/wp-json\/wp\/v2\/posts\/60930","targetHints":{"allow":["GET"]}}],"collection":[{"href":"https:\/\/dawell.cz\/en\/wp-json\/wp\/v2\/posts"}],"about":[{"href":"https:\/\/dawell.cz\/en\/wp-json\/wp\/v2\/types\/post"}],"author":[{"embeddable":true,"href":"https:\/\/dawell.cz\/en\/wp-json\/wp\/v2\/users\/1"}],"replies":[{"embeddable":true,"href":"https:\/\/dawell.cz\/en\/wp-json\/wp\/v2\/comments?post=60930"}],"version-history":[{"count":2,"href":"https:\/\/dawell.cz\/en\/wp-json\/wp\/v2\/posts\/60930\/revisions"}],"predecessor-version":[{"id":62253,"href":"https:\/\/dawell.cz\/en\/wp-json\/wp\/v2\/posts\/60930\/revisions\/62253"}],"wp:featuredmedia":[{"embeddable":true,"href":"https:\/\/dawell.cz\/en\/wp-json\/wp\/v2\/media\/62237"}],"wp:attachment":[{"href":"https:\/\/dawell.cz\/en\/wp-json\/wp\/v2\/media?parent=60930"}],"wp:term":[{"taxonomy":"category","embeddable":true,"href":"https:\/\/dawell.cz\/en\/wp-json\/wp\/v2\/categories?post=60930"},{"taxonomy":"post_tag","embeddable":true,"href":"https:\/\/dawell.cz\/en\/wp-json\/wp\/v2\/tags?post=60930"}],"curies":[{"name":"wp","href":"https:\/\/api.w.org\/{rel}","templated":true}]}}