{"id":60983,"date":"2025-12-12T09:28:24","date_gmt":"2025-12-12T08:28:24","guid":{"rendered":"https:\/\/dawell.cz\/das-interview-mit-lubosem-nedvedickym-ceo\/"},"modified":"2026-03-02T08:00:44","modified_gmt":"2026-03-02T07:00:44","slug":"das-interview-mit-lubosem-nedvedickym-ceo","status":"publish","type":"post","link":"https:\/\/dawell.cz\/de\/das-interview-mit-lubosem-nedvedickym-ceo\/","title":{"rendered":"Das Interview mit Lubo\u0161 Nedv\u011bdick\u00fd, CEO"},"content":{"rendered":"\t\t<div data-elementor-type=\"wp-post\" data-elementor-id=\"60983\" class=\"elementor elementor-60983 elementor-60922\" data-elementor-post-type=\"post\">\n\t\t\t\t<div class=\"elementor-element elementor-element-0d00b95 thegem-e-con-layout-elementor e-flex e-con-boxed e-con e-parent\" data-id=\"0d00b95\" data-element_type=\"container\" data-e-type=\"container\" data-settings=\"{&quot;thegem_container_layout&quot;:&quot;elementor&quot;}\">\r\n\t\t\t\t\t<div class=\"e-con-inner\">\r\n\t\t\t\t<div class=\"elementor-element elementor-element-4e2272f flex-horizontal-align-default flex-horizontal-align-tablet-default flex-horizontal-align-mobile-default flex-vertical-align-default flex-vertical-align-tablet-default flex-vertical-align-mobile-default elementor-widget elementor-widget-heading\" data-id=\"4e2272f\" data-element_type=\"widget\" data-e-type=\"widget\" data-widget_type=\"heading.default\">\n\t\t\t\t<div class=\"elementor-widget-container\">\n\t\t\t\t\t<h3 class=\"elementor-heading-title elementor-size-default\">Das Interview mit Lubo\u0161 Nedv\u011bdick\u00fd, CEO der Firma DAWELL<\/h3>\t\t\t\t<\/div>\n\t\t\t\t<\/div>\n\t\t\t\t<div class=\"elementor-element elementor-element-5b3b158 flex-horizontal-align-default flex-horizontal-align-tablet-default flex-horizontal-align-mobile-default flex-vertical-align-default flex-vertical-align-tablet-default flex-vertical-align-mobile-default elementor-widget elementor-widget-text-editor\" data-id=\"5b3b158\" data-element_type=\"widget\" data-e-type=\"widget\" data-widget_type=\"text-editor.default\">\n\t\t\t\t<div class=\"elementor-widget-container\">\n\t\t\t\t\t\t\t\t\t\t\t\t<div class=\"elementor-text-editor elementor-clearfix\">\r\n\t\t\t\t\t\t<div><strong>5 Jahre mit DAWELL CZ!<\/strong> <img class=\"emoji\" role=\"img\" draggable=\"false\" src=\"https:\/\/s.w.org\/images\/core\/emoji\/17.0.2\/svg\/1f389.svg\" alt=\"\ud83c\udf89\"><\/div><div>Wie ist es, ein Team zu leiten, das die Welt der Induktionserw\u00e4rmung ver\u00e4ndert? <strong>Lubo\u0161 Nedv\u011bdick\u00fd<\/strong>, unser Gesch\u00e4ftsf\u00fchrer und einer der Miteigent\u00fcmer des Unternehmens, teilt in einem Interview seine Erfahrungen, Inspirationen und Zukunftsvisionen. Welche Parallelen sieht er zu seiner fr\u00fcheren T\u00e4tigkeit? Und was gef\u00e4llt ihm an der Arbeit bei DAWELL CZ am besten? <strong>Sehen Sie sich das gesamte Interview <a href=\"https:\/\/youtu.be\/_0WMFXiMrRg\">auf unserem YouTube-Kanal<\/a> an!<\/strong>  <\/div><div> <\/div><div>Das Interview wurde im Schulungszentrum <strong>DAWELL \/ STRONGHAND EU<\/strong> in Zusammenarbeit mit <strong><a href=\"https:\/\/www.k2.cz\/kontakt\">K2 atmitec s.r.o.<\/a><\/strong>, dem Lieferanten des Informationssystems K2, aufgezeichnet.<\/div>\t\t\t\t\t\t\t<\/div>\r\n\t\t\t\t\t\t\t\t\t\t<\/div>\n\t\t\t\t<\/div>\n\t\t\t\t<div class=\"elementor-element elementor-element-2dec19b flex-horizontal-align-default flex-horizontal-align-tablet-default flex-horizontal-align-mobile-default flex-vertical-align-default flex-vertical-align-tablet-default flex-vertical-align-mobile-default elementor-widget elementor-widget-video\" data-id=\"2dec19b\" data-element_type=\"widget\" data-e-type=\"widget\" data-settings=\"{&quot;youtube_url&quot;:&quot;https:\\\/\\\/youtu.be\\\/_0WMFXiMrRg&quot;,&quot;video_type&quot;:&quot;youtube&quot;,&quot;controls&quot;:&quot;yes&quot;}\" data-widget_type=\"video.default\">\n\t\t\t\t<div class=\"elementor-widget-container\">\n\t\t\t\t\t<div class=\"gem-gdpr-no-consent-wrap\" style=\"background-image:url(https:\/\/dawell.cz\/wp-content\/plugins\/thegem-elements-elementor\/inc\/gdpr\/assets\/img\/bg-youtube.jpg)\"><div class=\"gem-gdpr-no-consent-inner\"><div class=\"gem-gdpr-no-consent-notice-text\"><i class=\"gem-consent-icon-youtube\"><\/i>This content is blocked. Please review your <a href=\"#\" class=\"btn-gdpr-preferences\">Nastaven\u00ed soukrom\u00ed<\/a>.<\/div><\/div><\/div>\t\t\t\t<\/div>\n\t\t\t\t<\/div>\n\t\t\t\t<div class=\"elementor-element elementor-element-b772c09 flex-horizontal-align-default flex-horizontal-align-tablet-default flex-horizontal-align-mobile-default flex-vertical-align-default flex-vertical-align-tablet-default flex-vertical-align-mobile-default elementor-widget elementor-widget-thegem-gallery-grid\" data-id=\"b772c09\" data-element_type=\"widget\" data-e-type=\"widget\" data-settings=\"{&quot;columns_desktop&quot;:&quot;4x&quot;,&quot;equal_height&quot;:&quot;yes&quot;,&quot;container_margin&quot;:{&quot;unit&quot;:&quot;px&quot;,&quot;size&quot;:20,&quot;sizes&quot;:[]},&quot;thegem_elementor_preset&quot;:&quot;default&quot;,&quot;columns_tablet&quot;:&quot;2x&quot;,&quot;columns_mobile&quot;:&quot;1x&quot;,&quot;ajax_preloader_type&quot;:&quot;default&quot;,&quot;container_margin_tablet&quot;:{&quot;unit&quot;:&quot;px&quot;,&quot;size&quot;:&quot;&quot;,&quot;sizes&quot;:[]},&quot;container_margin_mobile&quot;:{&quot;unit&quot;:&quot;px&quot;,&quot;size&quot;:&quot;&quot;,&quot;sizes&quot;:[]}}\" data-widget_type=\"thegem-gallery-grid.default\">\n\t\t\t\t<div class=\"elementor-widget-container\">\n\t\t\t\t\t<div class=\"gallery-preloader-wrapper\"> <div class=\"row\"> <div class=\"gem-gallery-grid gallery-style-justified hover-zooming-blur gaps-margin columns-4 columns-tablet-2 columns-mobile-1 disable-isotope equal-height full-image \" data-uid=\"b772c09\" data-hover=\"zooming-blur\" data-filter=\"[]\"> <div class=\"portfolio not-fullwidth-block \"> <ul class=\"gallery-set clearfix\" data-max-row-height=\"\"> <li class=\"gallery-item gallery-0 col-xs-12 col-sm-6 col-md-3 single-icon post-60983 post type-post status-publish format-standard has-post-thumbnail category-artikel\" style=\"padding: calc(20px\/2); \"> <div class=\"wrap gem-wrapbox gem-wrapbox-style-default\"> <div class=\"overlay-wrap\"> <div class=\"image-wrap \"> <picture> <img src=\"https:\/\/dawell.cz\/wp-content\/uploads\/2025\/12\/lned_1.webp\" width=\"682\" height=\"1000\" class=\"attachment-full\" alt=\"Lubo\u0161 Nedv\u011bdick\u00fd, CEO\" \/> <\/picture> <\/div> <div class=\"overlay \"> <div class=\"overlay-circle\"><\/div> <a href=\"https:\/\/dawell.cz\/wp-content\/uploads\/2025\/12\/lned_1.webp\" class=\"gallery-item-link fancy-gallery\" data-fancybox=\"gallery-69f714322f4e0\" data-elementor-open-lightbox=\"no\" aria-label=\"Fullsize Image: Lubo\u0161 Nedv\u011bdick\u00fd, CEO\"> <span class=\"slide-info\"> <span class=\"slide-info-title\"> Lubo\u0161 Nedv\u011bdick\u00fd, CEO <\/span> <span class=\"slide-info-summary\"> Lubo\u0161 Nedv\u011bdick\u00fd, CEO <\/span> <\/span> <\/a> <div class=\"overlay-content\"> <div class=\"overlay-content-center\"> <div class=\"overlay-content-inner\"> <\/div> <\/div> <\/div> <\/div> <\/div> <\/div> <\/li> <li class=\"gallery-item gallery-0 col-xs-12 col-sm-6 col-md-3 single-icon post-60983 post type-post status-publish format-standard has-post-thumbnail category-artikel\" style=\"padding: calc(20px\/2); \"> <div class=\"wrap gem-wrapbox gem-wrapbox-style-default\"> <div class=\"overlay-wrap\"> <div class=\"image-wrap \"> <picture> <img src=\"https:\/\/dawell.cz\/wp-content\/uploads\/2025\/12\/lned_2.webp\" width=\"646\" height=\"1000\" class=\"attachment-full\" alt=\"Lubo\u0161 Nedv\u011bdick\u00fd, CEO\" \/> <\/picture> <\/div> <div class=\"overlay \"> <div class=\"overlay-circle\"><\/div> <a href=\"https:\/\/dawell.cz\/wp-content\/uploads\/2025\/12\/lned_2.webp\" class=\"gallery-item-link fancy-gallery\" data-fancybox=\"gallery-69f714322f4e0\" data-elementor-open-lightbox=\"no\" aria-label=\"Fullsize Image: Lubo\u0161 Nedv\u011bdick\u00fd, CEO\"> <span class=\"slide-info\"> <span class=\"slide-info-title\"> Lubo\u0161 Nedv\u011bdick\u00fd, CEO <\/span> <span class=\"slide-info-summary\"> Lubo\u0161 Nedv\u011bdick\u00fd, CEO <\/span> <\/span> <\/a> <div class=\"overlay-content\"> <div class=\"overlay-content-center\"> <div class=\"overlay-content-inner\"> <\/div> <\/div> <\/div> <\/div> <\/div> <\/div> <\/li> <li class=\"gallery-item gallery-0 col-xs-12 col-sm-6 col-md-3 single-icon post-60983 post type-post status-publish format-standard has-post-thumbnail category-artikel\" style=\"padding: calc(20px\/2); \"> <div class=\"wrap gem-wrapbox gem-wrapbox-style-default\"> <div class=\"overlay-wrap\"> <div class=\"image-wrap \"> <picture> <img src=\"https:\/\/dawell.cz\/wp-content\/uploads\/2025\/12\/lned_3.webp\" width=\"743\" height=\"1000\" class=\"attachment-full\" alt=\"Lubo\u0161 Nedv\u011bdick\u00fd, CEO\" \/> <\/picture> <\/div> <div class=\"overlay \"> <div class=\"overlay-circle\"><\/div> <a href=\"https:\/\/dawell.cz\/wp-content\/uploads\/2025\/12\/lned_3.webp\" class=\"gallery-item-link fancy-gallery\" data-fancybox=\"gallery-69f714322f4e0\" data-elementor-open-lightbox=\"no\" aria-label=\"Fullsize Image: Lubo\u0161 Nedv\u011bdick\u00fd, CEO\"> <span class=\"slide-info\"> <span class=\"slide-info-title\"> Lubo\u0161 Nedv\u011bdick\u00fd, CEO <\/span> <span class=\"slide-info-summary\"> Lubo\u0161 Nedv\u011bdick\u00fd, CEO <\/span> <\/span> <\/a> <div class=\"overlay-content\"> <div class=\"overlay-content-center\"> <div class=\"overlay-content-inner\"> <\/div> <\/div> <\/div> <\/div> <\/div> <\/div> <\/li> <li class=\"gallery-item gallery-0 col-xs-12 col-sm-6 col-md-3 single-icon post-60983 post type-post status-publish format-standard has-post-thumbnail category-artikel\" style=\"padding: calc(20px\/2); \"> <div class=\"wrap gem-wrapbox gem-wrapbox-style-default\"> <div class=\"overlay-wrap\"> <div class=\"image-wrap \"> <picture> <img src=\"https:\/\/dawell.cz\/wp-content\/uploads\/2025\/12\/lned_4.webp\" width=\"667\" height=\"1000\" class=\"attachment-full\" alt=\"Lubo\u0161 Nedv\u011bdick\u00fd, CEO\" \/> <\/picture> <\/div> <div class=\"overlay \"> <div class=\"overlay-circle\"><\/div> <a href=\"https:\/\/dawell.cz\/wp-content\/uploads\/2025\/12\/lned_4.webp\" class=\"gallery-item-link fancy-gallery\" data-fancybox=\"gallery-69f714322f4e0\" data-elementor-open-lightbox=\"no\" aria-label=\"Fullsize Image: Lubo\u0161 Nedv\u011bdick\u00fd, CEO\"> <span class=\"slide-info\"> <span class=\"slide-info-title\"> Lubo\u0161 Nedv\u011bdick\u00fd, CEO <\/span> <span class=\"slide-info-summary\"> Lubo\u0161 Nedv\u011bdick\u00fd, CEO <\/span> <\/span> <\/a> <div class=\"overlay-content\"> <div class=\"overlay-content-center\"> <div class=\"overlay-content-inner\"> <\/div> <\/div> <\/div> <\/div> <\/div> <\/div> <\/li> <\/ul> <\/div> <\/div> <\/div> <\/div>\t\t\t\t<\/div>\n\t\t\t\t<\/div>\n\t\t\t\t\t<\/div>\n\t\t\t\t<\/div>\n\t\t\t\t<\/div>\n\t\t","protected":false},"excerpt":{"rendered":"<p>Anl\u00e4sslich seines f\u00fcnfj\u00e4hrigen Firmenjubil\u00e4ums hat Lubo\u0161 Nedv\u011bdick\u00fd ein Interview \u00fcber seine bisherige T\u00e4tigkeit bei DAWELL CZ gegeben.<\/p>\n","protected":false},"author":1,"featured_media":62240,"comment_status":"closed","ping_status":"open","sticky":false,"template":"elementor_header_footer","format":"standard","meta":{"inline_featured_image":false,"footnotes":"","_wp_rev_ctl_limit":""},"categories":[978],"tags":[],"class_list":{"0":"post-60983","1":"post","2":"type-post","3":"status-publish","4":"format-standard","5":"has-post-thumbnail","7":"category-artikel"},"yoast_head":"<!-- This site is optimized with the Yoast SEO plugin v27.5 - https:\/\/yoast.com\/product\/yoast-seo-wordpress\/ -->\n<title>Das Interview mit Lubo\u0161 Nedv\u011bdick\u00fd, CEO - DAWELL CZ<\/title>\n<meta name=\"description\" content=\"Anl\u00e4sslich seines f\u00fcnfj\u00e4hrigen Firmenjubil\u00e4ums hat Lubo\u0161 Nedv\u011bdick\u00fd ein Interview \u00fcber seine bisherige T\u00e4tigkeit bei DAWELL CZ gegeben.\" \/>\n<meta name=\"robots\" content=\"index, follow, max-snippet:-1, max-image-preview:large, max-video-preview:-1\" \/>\n<link rel=\"canonical\" href=\"https:\/\/dawell.cz\/de\/das-interview-mit-lubosem-nedvedickym-ceo\/\" \/>\n<meta property=\"og:locale\" content=\"de_DE\" \/>\n<meta property=\"og:type\" content=\"article\" \/>\n<meta property=\"og:title\" content=\"Das Interview mit Lubo\u0161 Nedv\u011bdick\u00fd, CEO - DAWELL CZ\" \/>\n<meta property=\"og:description\" content=\"Anl\u00e4sslich seines f\u00fcnfj\u00e4hrigen Firmenjubil\u00e4ums hat Lubo\u0161 Nedv\u011bdick\u00fd ein Interview \u00fcber seine bisherige T\u00e4tigkeit bei DAWELL CZ gegeben.\" \/>\n<meta property=\"og:url\" content=\"https:\/\/dawell.cz\/de\/das-interview-mit-lubosem-nedvedickym-ceo\/\" \/>\n<meta property=\"og:site_name\" content=\"DAWELL CZ\" \/>\n<meta property=\"article:publisher\" content=\"https:\/\/www.facebook.com\/dawellcz\/\" \/>\n<meta property=\"article:published_time\" content=\"2025-12-12T08:28:24+00:00\" \/>\n<meta property=\"article:modified_time\" content=\"2026-03-02T07:00:44+00:00\" \/>\n<meta property=\"og:image\" content=\"https:\/\/dawell.cz\/wp-content\/uploads\/2025\/12\/img-rozhovor-LNed.webp\" \/>\n\t<meta property=\"og:image:width\" content=\"800\" \/>\n\t<meta property=\"og:image:height\" content=\"800\" \/>\n\t<meta property=\"og:image:type\" content=\"image\/webp\" \/>\n<meta name=\"author\" content=\"Ji\u0159\u00ed\" \/>\n<meta name=\"twitter:card\" content=\"summary_large_image\" \/>\n<meta name=\"twitter:label1\" content=\"Verfasst von\" \/>\n\t<meta name=\"twitter:data1\" content=\"Ji\u0159\u00ed\" \/>\n\t<meta name=\"twitter:label2\" content=\"Gesch\u00e4tzte Lesezeit\" \/>\n\t<meta name=\"twitter:data2\" content=\"1\u00a0Minute\" \/>\n<script type=\"application\/ld+json\" class=\"yoast-schema-graph\">{\"@context\":\"https:\\\/\\\/schema.org\",\"@graph\":[{\"@type\":\"Article\",\"@id\":\"https:\\\/\\\/dawell.cz\\\/de\\\/das-interview-mit-lubosem-nedvedickym-ceo\\\/#article\",\"isPartOf\":{\"@id\":\"https:\\\/\\\/dawell.cz\\\/de\\\/das-interview-mit-lubosem-nedvedickym-ceo\\\/\"},\"author\":{\"name\":\"Ji\u0159\u00ed\",\"@id\":\"https:\\\/\\\/dawell.cz\\\/de\\\/#\\\/schema\\\/person\\\/ff1d2da340bb6fbe9a330136ad0b365f\"},\"headline\":\"Das Interview mit Lubo\u0161 Nedv\u011bdick\u00fd, CEO\",\"datePublished\":\"2025-12-12T08:28:24+00:00\",\"dateModified\":\"2026-03-02T07:00:44+00:00\",\"mainEntityOfPage\":{\"@id\":\"https:\\\/\\\/dawell.cz\\\/de\\\/das-interview-mit-lubosem-nedvedickym-ceo\\\/\"},\"wordCount\":150,\"publisher\":{\"@id\":\"https:\\\/\\\/dawell.cz\\\/de\\\/#organization\"},\"image\":{\"@id\":\"https:\\\/\\\/dawell.cz\\\/de\\\/das-interview-mit-lubosem-nedvedickym-ceo\\\/#primaryimage\"},\"thumbnailUrl\":\"https:\\\/\\\/dawell.cz\\\/wp-content\\\/uploads\\\/2025\\\/12\\\/img-rozhovor-LNed.webp\",\"articleSection\":[\"Artikel\"],\"inLanguage\":\"de\"},{\"@type\":\"WebPage\",\"@id\":\"https:\\\/\\\/dawell.cz\\\/de\\\/das-interview-mit-lubosem-nedvedickym-ceo\\\/\",\"url\":\"https:\\\/\\\/dawell.cz\\\/de\\\/das-interview-mit-lubosem-nedvedickym-ceo\\\/\",\"name\":\"Das Interview mit Lubo\u0161 Nedv\u011bdick\u00fd, CEO - DAWELL CZ\",\"isPartOf\":{\"@id\":\"https:\\\/\\\/dawell.cz\\\/de\\\/#website\"},\"primaryImageOfPage\":{\"@id\":\"https:\\\/\\\/dawell.cz\\\/de\\\/das-interview-mit-lubosem-nedvedickym-ceo\\\/#primaryimage\"},\"image\":{\"@id\":\"https:\\\/\\\/dawell.cz\\\/de\\\/das-interview-mit-lubosem-nedvedickym-ceo\\\/#primaryimage\"},\"thumbnailUrl\":\"https:\\\/\\\/dawell.cz\\\/wp-content\\\/uploads\\\/2025\\\/12\\\/img-rozhovor-LNed.webp\",\"datePublished\":\"2025-12-12T08:28:24+00:00\",\"dateModified\":\"2026-03-02T07:00:44+00:00\",\"description\":\"Anl\u00e4sslich seines f\u00fcnfj\u00e4hrigen Firmenjubil\u00e4ums hat Lubo\u0161 Nedv\u011bdick\u00fd ein Interview \u00fcber seine bisherige T\u00e4tigkeit bei DAWELL CZ gegeben.\",\"breadcrumb\":{\"@id\":\"https:\\\/\\\/dawell.cz\\\/de\\\/das-interview-mit-lubosem-nedvedickym-ceo\\\/#breadcrumb\"},\"inLanguage\":\"de\",\"potentialAction\":[{\"@type\":\"ReadAction\",\"target\":[\"https:\\\/\\\/dawell.cz\\\/de\\\/das-interview-mit-lubosem-nedvedickym-ceo\\\/\"]}]},{\"@type\":\"ImageObject\",\"inLanguage\":\"de\",\"@id\":\"https:\\\/\\\/dawell.cz\\\/de\\\/das-interview-mit-lubosem-nedvedickym-ceo\\\/#primaryimage\",\"url\":\"https:\\\/\\\/dawell.cz\\\/wp-content\\\/uploads\\\/2025\\\/12\\\/img-rozhovor-LNed.webp\",\"contentUrl\":\"https:\\\/\\\/dawell.cz\\\/wp-content\\\/uploads\\\/2025\\\/12\\\/img-rozhovor-LNed.webp\",\"width\":800,\"height\":800,\"caption\":\"Lubo\u0161 Nedv\u011bdick\u00fd, CEO\"},{\"@type\":\"BreadcrumbList\",\"@id\":\"https:\\\/\\\/dawell.cz\\\/de\\\/das-interview-mit-lubosem-nedvedickym-ceo\\\/#breadcrumb\",\"itemListElement\":[{\"@type\":\"ListItem\",\"position\":1,\"name\":\"Dom\u016f\",\"item\":\"https:\\\/\\\/dawell.cz\\\/de\\\/home\\\/\"},{\"@type\":\"ListItem\",\"position\":2,\"name\":\"Das Interview mit Lubo\u0161 Nedv\u011bdick\u00fd, CEO\"}]},{\"@type\":\"WebSite\",\"@id\":\"https:\\\/\\\/dawell.cz\\\/de\\\/#website\",\"url\":\"https:\\\/\\\/dawell.cz\\\/de\\\/\",\"name\":\"DAWELL CZ\",\"description\":\"\",\"publisher\":{\"@id\":\"https:\\\/\\\/dawell.cz\\\/de\\\/#organization\"},\"alternateName\":\"Dawell\",\"potentialAction\":[{\"@type\":\"SearchAction\",\"target\":{\"@type\":\"EntryPoint\",\"urlTemplate\":\"https:\\\/\\\/dawell.cz\\\/de\\\/?s={search_term_string}\"},\"query-input\":{\"@type\":\"PropertyValueSpecification\",\"valueRequired\":true,\"valueName\":\"search_term_string\"}}],\"inLanguage\":\"de\"},{\"@type\":\"Organization\",\"@id\":\"https:\\\/\\\/dawell.cz\\\/de\\\/#organization\",\"name\":\"DAWELL CZ s.r.o.\",\"url\":\"https:\\\/\\\/dawell.cz\\\/de\\\/\",\"logo\":{\"@type\":\"ImageObject\",\"inLanguage\":\"de\",\"@id\":\"https:\\\/\\\/dawell.cz\\\/de\\\/#\\\/schema\\\/logo\\\/image\\\/\",\"url\":\"\",\"contentUrl\":\"\",\"caption\":\"DAWELL CZ s.r.o.\"},\"image\":{\"@id\":\"https:\\\/\\\/dawell.cz\\\/de\\\/#\\\/schema\\\/logo\\\/image\\\/\"},\"sameAs\":[\"https:\\\/\\\/www.facebook.com\\\/dawellcz\\\/\"]},{\"@type\":\"Person\",\"@id\":\"https:\\\/\\\/dawell.cz\\\/de\\\/#\\\/schema\\\/person\\\/ff1d2da340bb6fbe9a330136ad0b365f\",\"name\":\"Ji\u0159\u00ed\",\"image\":{\"@type\":\"ImageObject\",\"inLanguage\":\"de\",\"@id\":\"https:\\\/\\\/secure.gravatar.com\\\/avatar\\\/68249fa72fe46cdbd9861a435303f8d9e0ca434cd8fa34cea803960b5456fa9d?s=96&d=mm&r=g\",\"url\":\"https:\\\/\\\/secure.gravatar.com\\\/avatar\\\/68249fa72fe46cdbd9861a435303f8d9e0ca434cd8fa34cea803960b5456fa9d?s=96&d=mm&r=g\",\"contentUrl\":\"https:\\\/\\\/secure.gravatar.com\\\/avatar\\\/68249fa72fe46cdbd9861a435303f8d9e0ca434cd8fa34cea803960b5456fa9d?s=96&d=mm&r=g\",\"caption\":\"Ji\u0159\u00ed\"},\"sameAs\":[\"https:\\\/\\\/dawell.cz\"],\"url\":\"https:\\\/\\\/dawell.cz\\\/de\\\/author\\\/slatinsky\\\/\"}]}<\/script>\n<!-- \/ Yoast SEO plugin. -->","yoast_head_json":{"title":"Das Interview mit Lubo\u0161 Nedv\u011bdick\u00fd, CEO - DAWELL CZ","description":"Anl\u00e4sslich seines f\u00fcnfj\u00e4hrigen Firmenjubil\u00e4ums hat Lubo\u0161 Nedv\u011bdick\u00fd ein Interview \u00fcber seine bisherige T\u00e4tigkeit bei DAWELL CZ gegeben.","robots":{"index":"index","follow":"follow","max-snippet":"max-snippet:-1","max-image-preview":"max-image-preview:large","max-video-preview":"max-video-preview:-1"},"canonical":"https:\/\/dawell.cz\/de\/das-interview-mit-lubosem-nedvedickym-ceo\/","og_locale":"de_DE","og_type":"article","og_title":"Das Interview mit Lubo\u0161 Nedv\u011bdick\u00fd, CEO - DAWELL CZ","og_description":"Anl\u00e4sslich seines f\u00fcnfj\u00e4hrigen Firmenjubil\u00e4ums hat Lubo\u0161 Nedv\u011bdick\u00fd ein Interview \u00fcber seine bisherige T\u00e4tigkeit bei DAWELL CZ gegeben.","og_url":"https:\/\/dawell.cz\/de\/das-interview-mit-lubosem-nedvedickym-ceo\/","og_site_name":"DAWELL CZ","article_publisher":"https:\/\/www.facebook.com\/dawellcz\/","article_published_time":"2025-12-12T08:28:24+00:00","article_modified_time":"2026-03-02T07:00:44+00:00","og_image":[{"width":800,"height":800,"url":"https:\/\/dawell.cz\/wp-content\/uploads\/2025\/12\/img-rozhovor-LNed.webp","type":"image\/webp"}],"author":"Ji\u0159\u00ed","twitter_card":"summary_large_image","twitter_misc":{"Verfasst von":"Ji\u0159\u00ed","Gesch\u00e4tzte Lesezeit":"1\u00a0Minute"},"schema":{"@context":"https:\/\/schema.org","@graph":[{"@type":"Article","@id":"https:\/\/dawell.cz\/de\/das-interview-mit-lubosem-nedvedickym-ceo\/#article","isPartOf":{"@id":"https:\/\/dawell.cz\/de\/das-interview-mit-lubosem-nedvedickym-ceo\/"},"author":{"name":"Ji\u0159\u00ed","@id":"https:\/\/dawell.cz\/de\/#\/schema\/person\/ff1d2da340bb6fbe9a330136ad0b365f"},"headline":"Das Interview mit Lubo\u0161 Nedv\u011bdick\u00fd, CEO","datePublished":"2025-12-12T08:28:24+00:00","dateModified":"2026-03-02T07:00:44+00:00","mainEntityOfPage":{"@id":"https:\/\/dawell.cz\/de\/das-interview-mit-lubosem-nedvedickym-ceo\/"},"wordCount":150,"publisher":{"@id":"https:\/\/dawell.cz\/de\/#organization"},"image":{"@id":"https:\/\/dawell.cz\/de\/das-interview-mit-lubosem-nedvedickym-ceo\/#primaryimage"},"thumbnailUrl":"https:\/\/dawell.cz\/wp-content\/uploads\/2025\/12\/img-rozhovor-LNed.webp","articleSection":["Artikel"],"inLanguage":"de"},{"@type":"WebPage","@id":"https:\/\/dawell.cz\/de\/das-interview-mit-lubosem-nedvedickym-ceo\/","url":"https:\/\/dawell.cz\/de\/das-interview-mit-lubosem-nedvedickym-ceo\/","name":"Das Interview mit Lubo\u0161 Nedv\u011bdick\u00fd, CEO - DAWELL CZ","isPartOf":{"@id":"https:\/\/dawell.cz\/de\/#website"},"primaryImageOfPage":{"@id":"https:\/\/dawell.cz\/de\/das-interview-mit-lubosem-nedvedickym-ceo\/#primaryimage"},"image":{"@id":"https:\/\/dawell.cz\/de\/das-interview-mit-lubosem-nedvedickym-ceo\/#primaryimage"},"thumbnailUrl":"https:\/\/dawell.cz\/wp-content\/uploads\/2025\/12\/img-rozhovor-LNed.webp","datePublished":"2025-12-12T08:28:24+00:00","dateModified":"2026-03-02T07:00:44+00:00","description":"Anl\u00e4sslich seines f\u00fcnfj\u00e4hrigen Firmenjubil\u00e4ums hat Lubo\u0161 Nedv\u011bdick\u00fd ein Interview \u00fcber seine bisherige T\u00e4tigkeit bei DAWELL CZ gegeben.","breadcrumb":{"@id":"https:\/\/dawell.cz\/de\/das-interview-mit-lubosem-nedvedickym-ceo\/#breadcrumb"},"inLanguage":"de","potentialAction":[{"@type":"ReadAction","target":["https:\/\/dawell.cz\/de\/das-interview-mit-lubosem-nedvedickym-ceo\/"]}]},{"@type":"ImageObject","inLanguage":"de","@id":"https:\/\/dawell.cz\/de\/das-interview-mit-lubosem-nedvedickym-ceo\/#primaryimage","url":"https:\/\/dawell.cz\/wp-content\/uploads\/2025\/12\/img-rozhovor-LNed.webp","contentUrl":"https:\/\/dawell.cz\/wp-content\/uploads\/2025\/12\/img-rozhovor-LNed.webp","width":800,"height":800,"caption":"Lubo\u0161 Nedv\u011bdick\u00fd, CEO"},{"@type":"BreadcrumbList","@id":"https:\/\/dawell.cz\/de\/das-interview-mit-lubosem-nedvedickym-ceo\/#breadcrumb","itemListElement":[{"@type":"ListItem","position":1,"name":"Dom\u016f","item":"https:\/\/dawell.cz\/de\/home\/"},{"@type":"ListItem","position":2,"name":"Das Interview mit Lubo\u0161 Nedv\u011bdick\u00fd, CEO"}]},{"@type":"WebSite","@id":"https:\/\/dawell.cz\/de\/#website","url":"https:\/\/dawell.cz\/de\/","name":"DAWELL CZ","description":"","publisher":{"@id":"https:\/\/dawell.cz\/de\/#organization"},"alternateName":"Dawell","potentialAction":[{"@type":"SearchAction","target":{"@type":"EntryPoint","urlTemplate":"https:\/\/dawell.cz\/de\/?s={search_term_string}"},"query-input":{"@type":"PropertyValueSpecification","valueRequired":true,"valueName":"search_term_string"}}],"inLanguage":"de"},{"@type":"Organization","@id":"https:\/\/dawell.cz\/de\/#organization","name":"DAWELL CZ s.r.o.","url":"https:\/\/dawell.cz\/de\/","logo":{"@type":"ImageObject","inLanguage":"de","@id":"https:\/\/dawell.cz\/de\/#\/schema\/logo\/image\/","url":"","contentUrl":"","caption":"DAWELL CZ s.r.o."},"image":{"@id":"https:\/\/dawell.cz\/de\/#\/schema\/logo\/image\/"},"sameAs":["https:\/\/www.facebook.com\/dawellcz\/"]},{"@type":"Person","@id":"https:\/\/dawell.cz\/de\/#\/schema\/person\/ff1d2da340bb6fbe9a330136ad0b365f","name":"Ji\u0159\u00ed","image":{"@type":"ImageObject","inLanguage":"de","@id":"https:\/\/secure.gravatar.com\/avatar\/68249fa72fe46cdbd9861a435303f8d9e0ca434cd8fa34cea803960b5456fa9d?s=96&d=mm&r=g","url":"https:\/\/secure.gravatar.com\/avatar\/68249fa72fe46cdbd9861a435303f8d9e0ca434cd8fa34cea803960b5456fa9d?s=96&d=mm&r=g","contentUrl":"https:\/\/secure.gravatar.com\/avatar\/68249fa72fe46cdbd9861a435303f8d9e0ca434cd8fa34cea803960b5456fa9d?s=96&d=mm&r=g","caption":"Ji\u0159\u00ed"},"sameAs":["https:\/\/dawell.cz"],"url":"https:\/\/dawell.cz\/de\/author\/slatinsky\/"}]}},"menu_order":0,"_links":{"self":[{"href":"https:\/\/dawell.cz\/de\/wp-json\/wp\/v2\/posts\/60983","targetHints":{"allow":["GET"]}}],"collection":[{"href":"https:\/\/dawell.cz\/de\/wp-json\/wp\/v2\/posts"}],"about":[{"href":"https:\/\/dawell.cz\/de\/wp-json\/wp\/v2\/types\/post"}],"author":[{"embeddable":true,"href":"https:\/\/dawell.cz\/de\/wp-json\/wp\/v2\/users\/1"}],"replies":[{"embeddable":true,"href":"https:\/\/dawell.cz\/de\/wp-json\/wp\/v2\/comments?post=60983"}],"version-history":[{"count":2,"href":"https:\/\/dawell.cz\/de\/wp-json\/wp\/v2\/posts\/60983\/revisions"}],"predecessor-version":[{"id":62255,"href":"https:\/\/dawell.cz\/de\/wp-json\/wp\/v2\/posts\/60983\/revisions\/62255"}],"wp:featuredmedia":[{"embeddable":true,"href":"https:\/\/dawell.cz\/de\/wp-json\/wp\/v2\/media\/62240"}],"wp:attachment":[{"href":"https:\/\/dawell.cz\/de\/wp-json\/wp\/v2\/media?parent=60983"}],"wp:term":[{"taxonomy":"category","embeddable":true,"href":"https:\/\/dawell.cz\/de\/wp-json\/wp\/v2\/categories?post=60983"},{"taxonomy":"post_tag","embeddable":true,"href":"https:\/\/dawell.cz\/de\/wp-json\/wp\/v2\/tags?post=60983"}],"curies":[{"name":"wp","href":"https:\/\/api.w.org\/{rel}","templated":true}]}}